{"id":6605,"date":"2015-12-10T00:53:39","date_gmt":"2015-12-10T00:53:39","guid":{"rendered":"http:\/\/www.rec.uff.br\/?p=6605"},"modified":"2018-01-12T02:56:13","modified_gmt":"2018-01-12T02:56:13","slug":"trec-1o-simposio-nacional-sobre-transformacoes-na-retorica-consumo","status":"publish","type":"post","link":"https:\/\/rec.uff.br\/?p=6605","title":{"rendered":"TReC &#8211; 1\u00ba Simp\u00f3sio Nacional sobre Transforma\u00e7\u00f5es na Ret\u00f3rica do Consumo"},"content":{"rendered":"<p>Ao se reconhecer o consumo como uma pr\u00e1tica que se estende para o uso, a frui\u00e7\u00e3o e a ressignifica\u00e7\u00e3o de bens materiais e imateriais \u2013 e, portanto, muito al\u00e9m da simples ideia de aquisi\u00e7\u00e3o \u2013, \u00e9 poss\u00edvel identificar na cultura contempor\u00e2nea um cen\u00e1rio no qual se reconfiguram profundamente os sistemas de apropria\u00e7\u00e3o simb\u00f3lica.<\/p>\n<p>Seja no consumo de produtos ou servi\u00e7os, seja no de imagens, informa\u00e7\u00f5es, not\u00edcias, entretenimento e at\u00e9 no de experi\u00eancias, as negocia\u00e7\u00f5es de sentido v\u00eam passando por diversas transforma\u00e7\u00f5es diante de um mundo globalizado, atomizado por novos paradigmas sociot\u00e9cnicos, impactando especialmente o campo da comunica\u00e7\u00e3o e suas \u00e1reas conexas.<\/p>\n<p>\u00c9, portanto, dever da academia dar conta da complexidade do fen\u00f4meno do consumo, em seus m\u00faltiplos aspectos, reconhecer suas problem\u00e1ticas e ensaiar an\u00e1lises que procurem desvelar as nuances pr\u00f3prias do contempor\u00e2neo.<\/p>\n<p>\u00c9 nesse sentido que o ReC \u2013 Grupo de Pesquisa em Ret\u00f3rica do Consumo (CNPq\/UFF) prop\u00f5e o T\/ReC \u2013 1\u00ba Simp\u00f3sio Nacional de Transforma\u00e7\u00f5es sobre a Ret\u00f3rica do Consumo, um evento multidisciplinar que pretende acolher diversos olhares sobre os fen\u00f4menos do consumo em geral.<\/p>\n<p>O T\/ReC vai <strong>ocorrer na FACHA<\/strong> \u2013 Rio de Janeiro (Rua Muniz Barreto 51, Botafogo), no <strong>dia 19 de fevereiro<\/strong> de 2016, de 8h \u00e0s 18h.<\/p>\n<p>Os pesquisadores (mestres, doutores e alunos de p\u00f3s-gradua\u00e7\u00e3o strictu sensu) interessados em participar com apresenta\u00e7\u00e3o de trabalhos devem enviar um <strong>resumo expandido<\/strong> (T\u00edtulo, autor, titula\u00e7\u00e3o, filia\u00e7\u00e3o acad\u00eamica, palavras-chave e texto com at\u00e9 2.500 caracteres) para o e-mail <a href=\"mailto:trec.resumo@gmail.com\">trec.resumo@gmail.com<\/a>\u00a0<strong>at\u00e9 o dia 26\u00a0de janeiro<\/strong>. Os <strong>aceites<\/strong> ser\u00e3o comunicados no dia <strong>2\u00a0de fevereiro<\/strong>.<\/p>\n<p>A apresenta\u00e7\u00e3o \u00e9 condicionada ao <strong>pagamento<\/strong> da inscri\u00e7\u00e3o, <strong>at\u00e9 dia 05 de fevereiro<\/strong> de 2016.<\/p>\n<p><b>Os participantes que apresentarem trabalhos <\/b>no TReC<b> ter\u00e3o at\u00e9 o dia 20 de mar\u00e7o <\/b>(um m\u00eas ap\u00f3s o evento) para enviarem os <strong>trabalhos completos<\/strong> para submiss\u00e3o final, revis\u00e3o e consequente\u00a0<b>publica\u00e7\u00e3o nos anais digitais <\/b>do evento<b>.\u00a0Os melhores artigos ser\u00e3o selecionados para publica\u00e7\u00e3o na Revista Comum<\/b> <strong>\u2013 publica\u00e7\u00e3o semestral das Faculdades Integradas H\u00e9lio Alonso \u2013 FACHA\u00a0(ISSN: 0101-305X), que ter\u00e1<\/strong>\u00a0<b>edi\u00e7\u00e3o comemorativa ao TReC.<\/b><\/p>\n<p>&nbsp;<\/p>\n<p><a href=\"https:\/\/rec.uff.br\/?p=6616\">Confira as modalidades de participa\u00e7\u00e3o e os valores.<\/a><\/p>\n<p><a href=\"https:\/\/rec.uff.br\/?p=6610\">Verifique as orienta\u00e7\u00f5es para a submiss\u00e3o de trabalhos.<\/a><\/p>\n<p><a href=\"https:\/\/rec.uff.br\/?p=6618\">Conhe\u00e7a o comit\u00ea cient\u00edfico e a comiss\u00e3o organizadora do evento.<\/a><\/p>\n<p><a href=\"https:\/\/rec.uff.br\/?p=6664\">Veja a programa\u00e7\u00e3o do evento.<\/a><\/p>\n<p><a href=\"https:\/\/docs.google.com\/forms\/d\/10zfqrXpfBlvZ9pxN8OoBR4uL533tFHeSk10eYDc87xQ\/viewform\">Clique aqui para fazer a sua inscri\u00e7\u00e3o.<\/a><\/p>\n<p><strong>Ap\u00f3s realizar a inscri\u00e7\u00e3o pelo site, \u00e9 necess\u00e1rio enviar o comprovante de pagamento para<\/strong> <a href=\"mailto:trec.inscricao@gmail.com\" target=\"_blank\">trec.inscricao@gmail.com<\/a><\/p>\n","protected":false},"excerpt":{"rendered":"<p>CAMPO DE RESUMO<\/p>\n","protected":false},"author":123482,"featured_media":6687,"comment_status":"open","ping_status":"open","sticky":false,"template":"","format":"standard","meta":{"_et_pb_use_builder":"","_et_pb_old_content":"","_et_gb_content_width":"","_exactmetrics_skip_tracking":false,"_exactmetrics_sitenote_active":false,"_exactmetrics_sitenote_note":"","_exactmetrics_sitenote_category":0,"footnotes":""},"categories":[39],"tags":[],"class_list":["post-6605","post","type-post","status-publish","format-standard","has-post-thumbnail","hentry","category-eventos"],"_links":{"self":[{"href":"https:\/\/rec.uff.br\/index.php?rest_route=\/wp\/v2\/posts\/6605","targetHints":{"allow":["GET"]}}],"collection":[{"href":"https:\/\/rec.uff.br\/index.php?rest_route=\/wp\/v2\/posts"}],"about":[{"href":"https:\/\/rec.uff.br\/index.php?rest_route=\/wp\/v2\/types\/post"}],"author":[{"embeddable":true,"href":"https:\/\/rec.uff.br\/index.php?rest_route=\/wp\/v2\/users\/123482"}],"replies":[{"embeddable":true,"href":"https:\/\/rec.uff.br\/index.php?rest_route=%2Fwp%2Fv2%2Fcomments&post=6605"}],"version-history":[{"count":20,"href":"https:\/\/rec.uff.br\/index.php?rest_route=\/wp\/v2\/posts\/6605\/revisions"}],"predecessor-version":[{"id":6737,"href":"https:\/\/rec.uff.br\/index.php?rest_route=\/wp\/v2\/posts\/6605\/revisions\/6737"}],"wp:featuredmedia":[{"embeddable":true,"href":"https:\/\/rec.uff.br\/index.php?rest_route=\/wp\/v2\/media\/6687"}],"wp:attachment":[{"href":"https:\/\/rec.uff.br\/index.php?rest_route=%2Fwp%2Fv2%2Fmedia&parent=6605"}],"wp:term":[{"taxonomy":"category","embeddable":true,"href":"https:\/\/rec.uff.br\/index.php?rest_route=%2Fwp%2Fv2%2Fcategories&post=6605"},{"taxonomy":"post_tag","embeddable":true,"href":"https:\/\/rec.uff.br\/index.php?rest_route=%2Fwp%2Fv2%2Ftags&post=6605"}],"curies":[{"name":"wp","href":"https:\/\/api.w.org\/{rel}","templated":true}]}}