{"id":6618,"date":"2015-12-10T01:44:29","date_gmt":"2015-12-10T01:44:29","guid":{"rendered":"http:\/\/www.rec.uff.br\/?p=6618"},"modified":"2016-02-04T23:38:21","modified_gmt":"2016-02-04T23:38:21","slug":"trec-equipe-organizadora-e-comite-cientifico","status":"publish","type":"post","link":"https:\/\/rec.uff.br\/?p=6618","title":{"rendered":"TReC &#8211; Comit\u00ea cient\u00edfico e equipe organizadora"},"content":{"rendered":"<p><strong>Comit\u00ea cient\u00edfico<\/strong><\/p>\n<p>Guilherme Nery Atem (Presidente da comiss\u00e3o cient\u00edfica) &#8211; UFF<br \/>\nSandro Torres de Azevedo &#8211; UFF\/FACHA<br \/>\nThaiane Moreira de Oliveira &#8211; UFF<br \/>\nClotilde Perez &#8211; USP<br \/>\nEneus Trindade\u00a0&#8211; USP<br \/>\nIluska Coutinho &#8211; UFJF<br \/>\nDenise Tavares &#8211; UFF<br \/>\nJo\u00e3o Batista de \u00a0Abreu Junior \u00a0&#8211; UFF<br \/>\nMarco Schneider (UFF\/IBICT)<\/p>\n<p><strong>Equipe organizadora<\/strong><\/p>\n<p>Guilherme Nery Atem &#8211; UFF<br \/>\nSandro Torres de Azevedo\u00a0&#8211; UFF<br \/>\nThaiane Moreira de Oliveira\u00a0&#8211; UFF<br \/>\nChristian Bernard\u00a0&#8211; UFRJ<br \/>\nDaniele de Castro Alves &#8211; UERJ<br \/>\nMariana Ayres &#8211; PUC<\/p>\n","protected":false},"excerpt":{"rendered":"<p>Comit\u00ea cient\u00edfico Guilherme Nery Atem (Presidente da comiss\u00e3o cient\u00edfica) &#8211; UFF Sandro Torres de Azevedo &#8211; UFF\/FACHA Thaiane Moreira de Oliveira &#8211; UFF Clotilde Perez &#8211; USP Eneus Trindade\u00a0&#8211; USP [&hellip;]<\/p>\n","protected":false},"author":123482,"featured_media":6698,"comment_status":"open","ping_status":"open","sticky":false,"template":"","format":"standard","meta":{"_et_pb_use_builder":"","_et_pb_old_content":"","_et_gb_content_width":"","_exactmetrics_skip_tracking":false,"_exactmetrics_sitenote_active":false,"_exactmetrics_sitenote_note":"","_exactmetrics_sitenote_category":0,"footnotes":""},"categories":[39],"tags":[],"class_list":["post-6618","post","type-post","status-publish","format-standard","has-post-thumbnail","hentry","category-eventos"],"_links":{"self":[{"href":"https:\/\/rec.uff.br\/index.php?rest_route=\/wp\/v2\/posts\/6618","targetHints":{"allow":["GET"]}}],"collection":[{"href":"https:\/\/rec.uff.br\/index.php?rest_route=\/wp\/v2\/posts"}],"about":[{"href":"https:\/\/rec.uff.br\/index.php?rest_route=\/wp\/v2\/types\/post"}],"author":[{"embeddable":true,"href":"https:\/\/rec.uff.br\/index.php?rest_route=\/wp\/v2\/users\/123482"}],"replies":[{"embeddable":true,"href":"https:\/\/rec.uff.br\/index.php?rest_route=%2Fwp%2Fv2%2Fcomments&post=6618"}],"version-history":[{"count":6,"href":"https:\/\/rec.uff.br\/index.php?rest_route=\/wp\/v2\/posts\/6618\/revisions"}],"predecessor-version":[{"id":6718,"href":"https:\/\/rec.uff.br\/index.php?rest_route=\/wp\/v2\/posts\/6618\/revisions\/6718"}],"wp:featuredmedia":[{"embeddable":true,"href":"https:\/\/rec.uff.br\/index.php?rest_route=\/wp\/v2\/media\/6698"}],"wp:attachment":[{"href":"https:\/\/rec.uff.br\/index.php?rest_route=%2Fwp%2Fv2%2Fmedia&parent=6618"}],"wp:term":[{"taxonomy":"category","embeddable":true,"href":"https:\/\/rec.uff.br\/index.php?rest_route=%2Fwp%2Fv2%2Fcategories&post=6618"},{"taxonomy":"post_tag","embeddable":true,"href":"https:\/\/rec.uff.br\/index.php?rest_route=%2Fwp%2Fv2%2Ftags&post=6618"}],"curies":[{"name":"wp","href":"https:\/\/api.w.org\/{rel}","templated":true}]}}