{"id":6681,"date":"2016-01-18T23:28:45","date_gmt":"2016-01-18T23:28:45","guid":{"rendered":"http:\/\/www.rec.uff.br\/?p=6681"},"modified":"2016-02-17T04:35:23","modified_gmt":"2016-02-17T04:35:23","slug":"prazo-prorrogado-26-de-janeiro-envio-de-resumos-expandidos","status":"publish","type":"post","link":"https:\/\/rec.uff.br\/?p=6681","title":{"rendered":"PRAZO PRORROGADO: 26 DE JANEIRO &#8211; Envio de resumos expandidos"},"content":{"rendered":"<div><strong>PRAZO PRORROGADO AT\u00c9 26 DE JANEIRO<\/strong><\/div>\n<div>T\u00edtulo &#8211; Arial corpo 14, centralizado, caixa alta e negrito.<\/div>\n<div>Autor &#8211; Arial, corpo 12, centralizado, caixa baixa.<\/div>\n<div>Titula\u00e7\u00e3o &#8211;\u00a0Arial, corpo 12, centralizado, caixa baixa.<\/div>\n<div>Filia\u00e7\u00e3o acad\u00eamica &#8211; \u00a0Arial, corpo 12, centralizado, caixa baixa.<\/div>\n<div>Palavras-chave (de 3 a 5) &#8211; \u00a0Arial, corpo 12, justificado, caixa baixa.<\/div>\n<div>Texto (at\u00e9 2.500 caracteres, incluindo espa\u00e7os) &#8211; \u00a0Arial, corpo 12, justificado, tabula\u00e7\u00e3o 1,25cm, entrelinha 1,5, caixa baixa.<\/div>\n<div>Todo o trabalho &#8211; Entrelinha 1,5 (sem acr\u00e9scimos antes ou ap\u00f3s os par\u00e1grafos). N\u00e3o usar negrito no corpo do texto e usar it\u00e1lico para palavras estrangeiras.<\/div>\n<div>Tipo de arquivo &#8211; Microsoft Word<\/div>\n<div>Nome do arquivo &#8211; nome completo do autor (ex.: guilhermeneryatem.doc)<\/div>\n<div><\/div>\n<div><a href=\"https:\/\/rec.uff.br\/wp-content\/uploads\/sites\/196\/2015\/12\/Modelo-resumo-expandido.docx\">Confira aqui o modelo para formata\u00e7\u00e3o do resumo expandido.<\/a><\/div>\n","protected":false},"excerpt":{"rendered":"<p>PRAZO PRORROGADO AT\u00c9 26 DE JANEIRO T\u00edtulo &#8211; Arial corpo 14, centralizado, caixa alta e negrito. Autor &#8211; Arial, corpo 12, centralizado, caixa baixa. Titula\u00e7\u00e3o &#8211;\u00a0Arial, corpo 12, centralizado, caixa [&hellip;]<\/p>\n","protected":false},"author":123482,"featured_media":6682,"comment_status":"open","ping_status":"open","sticky":false,"template":"","format":"standard","meta":{"_et_pb_use_builder":"","_et_pb_old_content":"","_et_gb_content_width":"","_exactmetrics_skip_tracking":false,"_exactmetrics_sitenote_active":false,"_exactmetrics_sitenote_note":"","_exactmetrics_sitenote_category":0,"footnotes":""},"categories":[39],"tags":[],"class_list":["post-6681","post","type-post","status-publish","format-standard","has-post-thumbnail","hentry","category-eventos"],"_links":{"self":[{"href":"https:\/\/rec.uff.br\/index.php?rest_route=\/wp\/v2\/posts\/6681","targetHints":{"allow":["GET"]}}],"collection":[{"href":"https:\/\/rec.uff.br\/index.php?rest_route=\/wp\/v2\/posts"}],"about":[{"href":"https:\/\/rec.uff.br\/index.php?rest_route=\/wp\/v2\/types\/post"}],"author":[{"embeddable":true,"href":"https:\/\/rec.uff.br\/index.php?rest_route=\/wp\/v2\/users\/123482"}],"replies":[{"embeddable":true,"href":"https:\/\/rec.uff.br\/index.php?rest_route=%2Fwp%2Fv2%2Fcomments&post=6681"}],"version-history":[{"count":2,"href":"https:\/\/rec.uff.br\/index.php?rest_route=\/wp\/v2\/posts\/6681\/revisions"}],"predecessor-version":[{"id":6684,"href":"https:\/\/rec.uff.br\/index.php?rest_route=\/wp\/v2\/posts\/6681\/revisions\/6684"}],"wp:featuredmedia":[{"embeddable":true,"href":"https:\/\/rec.uff.br\/index.php?rest_route=\/wp\/v2\/media\/6682"}],"wp:attachment":[{"href":"https:\/\/rec.uff.br\/index.php?rest_route=%2Fwp%2Fv2%2Fmedia&parent=6681"}],"wp:term":[{"taxonomy":"category","embeddable":true,"href":"https:\/\/rec.uff.br\/index.php?rest_route=%2Fwp%2Fv2%2Fcategories&post=6681"},{"taxonomy":"post_tag","embeddable":true,"href":"https:\/\/rec.uff.br\/index.php?rest_route=%2Fwp%2Fv2%2Ftags&post=6681"}],"curies":[{"name":"wp","href":"https:\/\/api.w.org\/{rel}","templated":true}]}}