{"id":6739,"date":"2016-12-24T00:35:21","date_gmt":"2016-12-24T00:35:21","guid":{"rendered":"http:\/\/www.rec.uff.br\/?p=6739"},"modified":"2025-11-06T17:15:14","modified_gmt":"2025-11-06T17:15:14","slug":"revista-comum-edicao-comemorativa-trec","status":"publish","type":"post","link":"https:\/\/rec.uff.br\/?p=6739","title":{"rendered":"Revista Comum &#8211; Edi\u00e7\u00e3o comemorativa TReC"},"content":{"rendered":"<p>J\u00e1 est\u00e1 dispon\u00edvel em <a href=\"http:\/\/www.facha.edu.br\/revista-comum\">http:\/\/www.facha.edu.br\/revista-comum<\/a>\u00a0a edi\u00e7\u00e3o comemorativa da Revista Comum com os Anais do TReC &#8211; 1\u00ba Simp\u00f3sio Nacional sobre Transforma\u00e7\u00f5es na Ret\u00f3rica do Consumo.<\/p>\n<p>Agradecemos o interesse de\u00a0todos os participantes do evento.<\/p>\n","protected":false},"excerpt":{"rendered":"<p>J\u00e1 est\u00e1 dispon\u00edvel em http:\/\/www.facha.edu.br\/revista-comum\u00a0a edi\u00e7\u00e3o comemorativa da Revista Comum com os Anais do TReC &#8211; 1\u00ba Simp\u00f3sio Nacional sobre Transforma\u00e7\u00f5es na Ret\u00f3rica do Consumo. Agradecemos o interesse de\u00a0todos os [&hellip;]<\/p>\n","protected":false},"author":123482,"featured_media":6740,"comment_status":"open","ping_status":"open","sticky":false,"template":"","format":"standard","meta":{"_et_pb_use_builder":"","_et_pb_old_content":"","_et_gb_content_width":"","_exactmetrics_skip_tracking":false,"_exactmetrics_sitenote_active":false,"_exactmetrics_sitenote_note":"","_exactmetrics_sitenote_category":0,"footnotes":""},"categories":[45,39],"tags":[],"class_list":["post-6739","post","type-post","status-publish","format-standard","has-post-thumbnail","hentry","category-destaque","category-eventos"],"_links":{"self":[{"href":"https:\/\/rec.uff.br\/index.php?rest_route=\/wp\/v2\/posts\/6739","targetHints":{"allow":["GET"]}}],"collection":[{"href":"https:\/\/rec.uff.br\/index.php?rest_route=\/wp\/v2\/posts"}],"about":[{"href":"https:\/\/rec.uff.br\/index.php?rest_route=\/wp\/v2\/types\/post"}],"author":[{"embeddable":true,"href":"https:\/\/rec.uff.br\/index.php?rest_route=\/wp\/v2\/users\/123482"}],"replies":[{"embeddable":true,"href":"https:\/\/rec.uff.br\/index.php?rest_route=%2Fwp%2Fv2%2Fcomments&post=6739"}],"version-history":[{"count":4,"href":"https:\/\/rec.uff.br\/index.php?rest_route=\/wp\/v2\/posts\/6739\/revisions"}],"predecessor-version":[{"id":6745,"href":"https:\/\/rec.uff.br\/index.php?rest_route=\/wp\/v2\/posts\/6739\/revisions\/6745"}],"wp:featuredmedia":[{"embeddable":true,"href":"https:\/\/rec.uff.br\/index.php?rest_route=\/wp\/v2\/media\/6740"}],"wp:attachment":[{"href":"https:\/\/rec.uff.br\/index.php?rest_route=%2Fwp%2Fv2%2Fmedia&parent=6739"}],"wp:term":[{"taxonomy":"category","embeddable":true,"href":"https:\/\/rec.uff.br\/index.php?rest_route=%2Fwp%2Fv2%2Fcategories&post=6739"},{"taxonomy":"post_tag","embeddable":true,"href":"https:\/\/rec.uff.br\/index.php?rest_route=%2Fwp%2Fv2%2Ftags&post=6739"}],"curies":[{"name":"wp","href":"https:\/\/api.w.org\/{rel}","templated":true}]}}